{"id":2273,"date":"2024-05-29T09:42:49","date_gmt":"2024-05-29T07:42:49","guid":{"rendered":"https:\/\/kovacskati.com\/?p=2273"},"modified":"2024-05-29T09:42:50","modified_gmt":"2024-05-29T07:42:50","slug":"mi-lesz-veled-emberke","status":"publish","type":"post","link":"https:\/\/kovacskati.com\/en\/mi-lesz-veled-emberke\/","title":{"rendered":"Little Man, what now?"},"content":{"rendered":"<p>About twenty years ago, I asked the neighbor girl about her plans, and with sparkling eyes, she told me she wanted to be a DJ. Her school grades weren't impressive, she wasn't particularly talented or diligent, so I wondered what would become of this child when faced with reality\u2014likely ending up with some factory job or working as a store clerk. Two years ago we met accidentally, she was corresponding with me on behalf of a funeral service company. It turned out she had a child very early on and has been working there since; there was no music career.<\/p>\n\n\n\n<p>Today, I read that 36% of young Hungarians want to be influencers, and this is simultaneously understandable, horrifying, and frightening. Understandable, because they practically live significant parts of their lives online, watching numerous seemingly successful influencers daily. The lifestyle, the money, and the glamour are attractive. However, they don\u2019t see the reality of the masses who fail to reach the top.<\/p>\n\n\n\n<p>Horrifying, because some influencers, in order to stay relevant, promote highly questionable values and problematic norms. I\u2019m thinking, for example, of the \u201cwife\u201d who regularly appears nearly naked, making bras as outerwear completely acceptable for a certain age group.<\/p>\n\n\n\n<p>There are good examples, of course. Recently, I heard a snippet of an interview with Taylor Swift, where she was asked about success. She said she enjoys it for five seconds a day and spends the rest of the time WORKING to make it last as long as possible. I\u2019m not a Swiftie, but the persona she has built for the public is sympathetic to me in many ways. She could be a good or at least a better role model than the earlier lady.<\/p>\n\n\n\n<p>Finally, the frightening part, which brings this topic here. What will we do with these kids in the world of work? They will enter the workforce fundamentally disappointed because their lives didn\u2019t go in the desired direction. The realistic wages and working conditions will only increase their disappointment. They will become factory workers, or in a lucky case, learn a trade, but they will not want to be where they can get a job. They will struggle with the eight-hour workday, expectations, deadlines, rules, and often even with how to exist in a real life community outside the online world. We will struggle with them because we were socialized in a very different world.<\/p>\n\n\n\n<p>I haven't come across many articles dealing with this topic, specifically related to non-highly qualified beginners. If you know of any, I would be grateful if you could share them. We won't be able to fundamentally reform the world of work within a few years, and the problem is already here and growing. What can we do about it? To put it even more practically: how can we produce quality work with motivated employees 15 years from now?<\/p>","protected":false},"excerpt":{"rendered":"<p>\u00dagy h\u00fasz \u00e9vvel ezel\u0151tt megk\u00e9rdeztem a szomsz\u00e9d kisl\u00e1nyt a terveir\u0151l, \u00e9s csillog\u00f3 szemmel mes\u00e9lte, hogy \u0151 DJ szeretne lenni. Az iskolai eredm\u00e9nyei nem voltak f\u00e9nyesek, nem is volt k\u00fcl\u00f6n\u00f6sebben tehets\u00e9ges vagy szorgalmas, \u00edgy azon gondolkodtam, hogy mi lesz ezzel a gyerekkel, amikor szembes\u00fclni fog a val\u00f3s\u00e1ggal, ami vagy valamilyen gy\u00e1ri munka, vagy egy bolti elad\u00f3i [&hellip;]<\/p>\n","protected":false},"author":2,"featured_media":2274,"comment_status":"closed","ping_status":"closed","sticky":false,"template":"","format":"standard","meta":{"footnotes":""},"categories":[1],"tags":[15,12,14],"class_list":["post-2273","post","type-post","status-publish","format-standard","has-post-thumbnail","hentry","category-egyeb","tag-personinfocus","tag-shortstory","tag-workingwithteams"],"yoast_head":"<!-- This site is optimized with the Yoast SEO plugin v27.4 - https:\/\/yoast.com\/product\/yoast-seo-wordpress\/ -->\n<title>Mi lesz veled, emberke? - kovacskati.com<\/title>\n<meta name=\"robots\" content=\"index, follow, max-snippet:-1, max-image-preview:large, max-video-preview:-1\" \/>\n<link rel=\"canonical\" href=\"https:\/\/kovacskati.com\/en\/mi-lesz-veled-emberke\/\" \/>\n<meta property=\"og:locale\" content=\"en_GB\" \/>\n<meta property=\"og:type\" content=\"article\" \/>\n<meta property=\"og:title\" content=\"Mi lesz veled, emberke? - kovacskati.com\" \/>\n<meta property=\"og:description\" content=\"\u00dagy h\u00fasz \u00e9vvel ezel\u0151tt megk\u00e9rdeztem a szomsz\u00e9d kisl\u00e1nyt a terveir\u0151l, \u00e9s csillog\u00f3 szemmel mes\u00e9lte, hogy \u0151 DJ szeretne lenni. Az iskolai eredm\u00e9nyei nem voltak f\u00e9nyesek, nem is volt k\u00fcl\u00f6n\u00f6sebben tehets\u00e9ges vagy szorgalmas, \u00edgy azon gondolkodtam, hogy mi lesz ezzel a gyerekkel, amikor szembes\u00fclni fog a val\u00f3s\u00e1ggal, ami vagy valamilyen gy\u00e1ri munka, vagy egy bolti elad\u00f3i [&hellip;]\" \/>\n<meta property=\"og:url\" content=\"https:\/\/kovacskati.com\/en\/mi-lesz-veled-emberke\/\" \/>\n<meta property=\"og:site_name\" content=\"kovacskati.com\" \/>\n<meta property=\"article:publisher\" content=\"https:\/\/www.facebook.com\/profile.php?id=61556972811605\" \/>\n<meta property=\"article:author\" content=\"https:\/\/www.facebook.com\/profile.php?id=61556972811605\" \/>\n<meta property=\"article:published_time\" content=\"2024-05-29T07:42:49+00:00\" \/>\n<meta property=\"article:modified_time\" content=\"2024-05-29T07:42:50+00:00\" \/>\n<meta property=\"og:image\" content=\"https:\/\/kovacskati.com\/wp-content\/uploads\/2024\/05\/vecteezy_silhouette-of-a-young-man-standing-by-the-lake-enjoying-the_35636581.jpg\" \/>\n\t<meta property=\"og:image:width\" content=\"1500\" \/>\n\t<meta property=\"og:image:height\" content=\"1000\" \/>\n\t<meta property=\"og:image:type\" content=\"image\/jpeg\" \/>\n<meta name=\"author\" content=\"Kov\u00e1cs Kati\" \/>\n<meta name=\"twitter:card\" content=\"summary_large_image\" \/>\n<meta name=\"twitter:label1\" content=\"Written by\" \/>\n\t<meta name=\"twitter:data1\" content=\"Kov\u00e1cs Kati\" \/>\n\t<meta name=\"twitter:label2\" content=\"Estimated reading time\" \/>\n\t<meta name=\"twitter:data2\" content=\"3 minutes\" \/>\n<script type=\"application\/ld+json\" class=\"yoast-schema-graph\">{\"@context\":\"https:\\\/\\\/schema.org\",\"@graph\":[{\"@type\":\"Article\",\"@id\":\"https:\\\/\\\/kovacskati.com\\\/mi-lesz-veled-emberke\\\/#article\",\"isPartOf\":{\"@id\":\"https:\\\/\\\/kovacskati.com\\\/mi-lesz-veled-emberke\\\/\"},\"author\":{\"name\":\"Kov\u00e1cs Kati\",\"@id\":\"https:\\\/\\\/kovacskati.com\\\/#\\\/schema\\\/person\\\/a45e7fb2da10185804ff1605d3b989c3\"},\"headline\":\"Mi lesz veled, emberke?\",\"datePublished\":\"2024-05-29T07:42:49+00:00\",\"dateModified\":\"2024-05-29T07:42:50+00:00\",\"mainEntityOfPage\":{\"@id\":\"https:\\\/\\\/kovacskati.com\\\/mi-lesz-veled-emberke\\\/\"},\"wordCount\":591,\"publisher\":{\"@id\":\"https:\\\/\\\/kovacskati.com\\\/#\\\/schema\\\/person\\\/a45e7fb2da10185804ff1605d3b989c3\"},\"image\":{\"@id\":\"https:\\\/\\\/kovacskati.com\\\/mi-lesz-veled-emberke\\\/#primaryimage\"},\"thumbnailUrl\":\"https:\\\/\\\/kovacskati.com\\\/wp-content\\\/uploads\\\/2024\\\/05\\\/vecteezy_silhouette-of-a-young-man-standing-by-the-lake-enjoying-the_35636581.jpg\",\"keywords\":[\"personinfocus\",\"shortstory\",\"workingwithteams\"],\"articleSection\":[\"Egy\u00e9b\"],\"inLanguage\":\"en-GB\"},{\"@type\":\"WebPage\",\"@id\":\"https:\\\/\\\/kovacskati.com\\\/mi-lesz-veled-emberke\\\/\",\"url\":\"https:\\\/\\\/kovacskati.com\\\/mi-lesz-veled-emberke\\\/\",\"name\":\"Mi lesz veled, emberke? - kovacskati.com\",\"isPartOf\":{\"@id\":\"https:\\\/\\\/kovacskati.com\\\/#website\"},\"primaryImageOfPage\":{\"@id\":\"https:\\\/\\\/kovacskati.com\\\/mi-lesz-veled-emberke\\\/#primaryimage\"},\"image\":{\"@id\":\"https:\\\/\\\/kovacskati.com\\\/mi-lesz-veled-emberke\\\/#primaryimage\"},\"thumbnailUrl\":\"https:\\\/\\\/kovacskati.com\\\/wp-content\\\/uploads\\\/2024\\\/05\\\/vecteezy_silhouette-of-a-young-man-standing-by-the-lake-enjoying-the_35636581.jpg\",\"datePublished\":\"2024-05-29T07:42:49+00:00\",\"dateModified\":\"2024-05-29T07:42:50+00:00\",\"breadcrumb\":{\"@id\":\"https:\\\/\\\/kovacskati.com\\\/mi-lesz-veled-emberke\\\/#breadcrumb\"},\"inLanguage\":\"en-GB\",\"potentialAction\":[{\"@type\":\"ReadAction\",\"target\":[\"https:\\\/\\\/kovacskati.com\\\/mi-lesz-veled-emberke\\\/\"]}]},{\"@type\":\"ImageObject\",\"inLanguage\":\"en-GB\",\"@id\":\"https:\\\/\\\/kovacskati.com\\\/mi-lesz-veled-emberke\\\/#primaryimage\",\"url\":\"https:\\\/\\\/kovacskati.com\\\/wp-content\\\/uploads\\\/2024\\\/05\\\/vecteezy_silhouette-of-a-young-man-standing-by-the-lake-enjoying-the_35636581.jpg\",\"contentUrl\":\"https:\\\/\\\/kovacskati.com\\\/wp-content\\\/uploads\\\/2024\\\/05\\\/vecteezy_silhouette-of-a-young-man-standing-by-the-lake-enjoying-the_35636581.jpg\",\"width\":1500,\"height\":1000,\"caption\":\"A k\u00e9p forr\u00e1sa: vecteezy.com\"},{\"@type\":\"BreadcrumbList\",\"@id\":\"https:\\\/\\\/kovacskati.com\\\/mi-lesz-veled-emberke\\\/#breadcrumb\",\"itemListElement\":[{\"@type\":\"ListItem\",\"position\":1,\"name\":\"Kezd\u0151lap\",\"item\":\"https:\\\/\\\/kovacskati.com\\\/\"},{\"@type\":\"ListItem\",\"position\":2,\"name\":\"Mi lesz veled, emberke?\"}]},{\"@type\":\"WebSite\",\"@id\":\"https:\\\/\\\/kovacskati.com\\\/#website\",\"url\":\"https:\\\/\\\/kovacskati.com\\\/\",\"name\":\"kovacskati.com\",\"description\":\"Termel\u0151 szervezetek fejleszt\u0151je\",\"publisher\":{\"@id\":\"https:\\\/\\\/kovacskati.com\\\/#\\\/schema\\\/person\\\/a45e7fb2da10185804ff1605d3b989c3\"},\"potentialAction\":[{\"@type\":\"SearchAction\",\"target\":{\"@type\":\"EntryPoint\",\"urlTemplate\":\"https:\\\/\\\/kovacskati.com\\\/?s={search_term_string}\"},\"query-input\":{\"@type\":\"PropertyValueSpecification\",\"valueRequired\":true,\"valueName\":\"search_term_string\"}}],\"inLanguage\":\"en-GB\"},{\"@type\":[\"Person\",\"Organization\"],\"@id\":\"https:\\\/\\\/kovacskati.com\\\/#\\\/schema\\\/person\\\/a45e7fb2da10185804ff1605d3b989c3\",\"name\":\"Kov\u00e1cs Kati\",\"image\":{\"@type\":\"ImageObject\",\"inLanguage\":\"en-GB\",\"@id\":\"https:\\\/\\\/kovacskati.com\\\/wp-content\\\/uploads\\\/2024\\\/02\\\/kovacskati-com-logo.png\",\"url\":\"https:\\\/\\\/kovacskati.com\\\/wp-content\\\/uploads\\\/2024\\\/02\\\/kovacskati-com-logo.png\",\"contentUrl\":\"https:\\\/\\\/kovacskati.com\\\/wp-content\\\/uploads\\\/2024\\\/02\\\/kovacskati-com-logo.png\",\"width\":500,\"height\":100,\"caption\":\"Kov\u00e1cs Kati\"},\"logo\":{\"@id\":\"https:\\\/\\\/kovacskati.com\\\/wp-content\\\/uploads\\\/2024\\\/02\\\/kovacskati-com-logo.png\"},\"sameAs\":[\"https:\\\/\\\/www.facebook.com\\\/profile.php?id=61556972811605\",\"https:\\\/\\\/www.linkedin.com\\\/in\\\/katalin-kovcs-19b4b778\\\/\"],\"url\":\"https:\\\/\\\/kovacskati.com\\\/en\\\/author\\\/kati_kovacskati_com\\\/\"}]}<\/script>\n<!-- \/ Yoast SEO plugin. -->","yoast_head_json":{"title":"Mi lesz veled, emberke? - kovacskati.com","robots":{"index":"index","follow":"follow","max-snippet":"max-snippet:-1","max-image-preview":"max-image-preview:large","max-video-preview":"max-video-preview:-1"},"canonical":"https:\/\/kovacskati.com\/en\/mi-lesz-veled-emberke\/","og_locale":"en_GB","og_type":"article","og_title":"Mi lesz veled, emberke? - kovacskati.com","og_description":"\u00dagy h\u00fasz \u00e9vvel ezel\u0151tt megk\u00e9rdeztem a szomsz\u00e9d kisl\u00e1nyt a terveir\u0151l, \u00e9s csillog\u00f3 szemmel mes\u00e9lte, hogy \u0151 DJ szeretne lenni. Az iskolai eredm\u00e9nyei nem voltak f\u00e9nyesek, nem is volt k\u00fcl\u00f6n\u00f6sebben tehets\u00e9ges vagy szorgalmas, \u00edgy azon gondolkodtam, hogy mi lesz ezzel a gyerekkel, amikor szembes\u00fclni fog a val\u00f3s\u00e1ggal, ami vagy valamilyen gy\u00e1ri munka, vagy egy bolti elad\u00f3i [&hellip;]","og_url":"https:\/\/kovacskati.com\/en\/mi-lesz-veled-emberke\/","og_site_name":"kovacskati.com","article_publisher":"https:\/\/www.facebook.com\/profile.php?id=61556972811605","article_author":"https:\/\/www.facebook.com\/profile.php?id=61556972811605","article_published_time":"2024-05-29T07:42:49+00:00","article_modified_time":"2024-05-29T07:42:50+00:00","og_image":[{"width":1500,"height":1000,"url":"https:\/\/kovacskati.com\/wp-content\/uploads\/2024\/05\/vecteezy_silhouette-of-a-young-man-standing-by-the-lake-enjoying-the_35636581.jpg","type":"image\/jpeg"}],"author":"Kov\u00e1cs Kati","twitter_card":"summary_large_image","twitter_misc":{"Written by":"Kov\u00e1cs Kati","Estimated reading time":"3 minutes"},"schema":{"@context":"https:\/\/schema.org","@graph":[{"@type":"Article","@id":"https:\/\/kovacskati.com\/mi-lesz-veled-emberke\/#article","isPartOf":{"@id":"https:\/\/kovacskati.com\/mi-lesz-veled-emberke\/"},"author":{"name":"Kov\u00e1cs Kati","@id":"https:\/\/kovacskati.com\/#\/schema\/person\/a45e7fb2da10185804ff1605d3b989c3"},"headline":"Mi lesz veled, emberke?","datePublished":"2024-05-29T07:42:49+00:00","dateModified":"2024-05-29T07:42:50+00:00","mainEntityOfPage":{"@id":"https:\/\/kovacskati.com\/mi-lesz-veled-emberke\/"},"wordCount":591,"publisher":{"@id":"https:\/\/kovacskati.com\/#\/schema\/person\/a45e7fb2da10185804ff1605d3b989c3"},"image":{"@id":"https:\/\/kovacskati.com\/mi-lesz-veled-emberke\/#primaryimage"},"thumbnailUrl":"https:\/\/kovacskati.com\/wp-content\/uploads\/2024\/05\/vecteezy_silhouette-of-a-young-man-standing-by-the-lake-enjoying-the_35636581.jpg","keywords":["personinfocus","shortstory","workingwithteams"],"articleSection":["Egy\u00e9b"],"inLanguage":"en-GB"},{"@type":"WebPage","@id":"https:\/\/kovacskati.com\/mi-lesz-veled-emberke\/","url":"https:\/\/kovacskati.com\/mi-lesz-veled-emberke\/","name":"Mi lesz veled, emberke? - kovacskati.com","isPartOf":{"@id":"https:\/\/kovacskati.com\/#website"},"primaryImageOfPage":{"@id":"https:\/\/kovacskati.com\/mi-lesz-veled-emberke\/#primaryimage"},"image":{"@id":"https:\/\/kovacskati.com\/mi-lesz-veled-emberke\/#primaryimage"},"thumbnailUrl":"https:\/\/kovacskati.com\/wp-content\/uploads\/2024\/05\/vecteezy_silhouette-of-a-young-man-standing-by-the-lake-enjoying-the_35636581.jpg","datePublished":"2024-05-29T07:42:49+00:00","dateModified":"2024-05-29T07:42:50+00:00","breadcrumb":{"@id":"https:\/\/kovacskati.com\/mi-lesz-veled-emberke\/#breadcrumb"},"inLanguage":"en-GB","potentialAction":[{"@type":"ReadAction","target":["https:\/\/kovacskati.com\/mi-lesz-veled-emberke\/"]}]},{"@type":"ImageObject","inLanguage":"en-GB","@id":"https:\/\/kovacskati.com\/mi-lesz-veled-emberke\/#primaryimage","url":"https:\/\/kovacskati.com\/wp-content\/uploads\/2024\/05\/vecteezy_silhouette-of-a-young-man-standing-by-the-lake-enjoying-the_35636581.jpg","contentUrl":"https:\/\/kovacskati.com\/wp-content\/uploads\/2024\/05\/vecteezy_silhouette-of-a-young-man-standing-by-the-lake-enjoying-the_35636581.jpg","width":1500,"height":1000,"caption":"A k\u00e9p forr\u00e1sa: vecteezy.com"},{"@type":"BreadcrumbList","@id":"https:\/\/kovacskati.com\/mi-lesz-veled-emberke\/#breadcrumb","itemListElement":[{"@type":"ListItem","position":1,"name":"Kezd\u0151lap","item":"https:\/\/kovacskati.com\/"},{"@type":"ListItem","position":2,"name":"Mi lesz veled, emberke?"}]},{"@type":"WebSite","@id":"https:\/\/kovacskati.com\/#website","url":"https:\/\/kovacskati.com\/","name":"kovacskati.com","description":"Termel\u0151 szervezetek fejleszt\u0151je","publisher":{"@id":"https:\/\/kovacskati.com\/#\/schema\/person\/a45e7fb2da10185804ff1605d3b989c3"},"potentialAction":[{"@type":"SearchAction","target":{"@type":"EntryPoint","urlTemplate":"https:\/\/kovacskati.com\/?s={search_term_string}"},"query-input":{"@type":"PropertyValueSpecification","valueRequired":true,"valueName":"search_term_string"}}],"inLanguage":"en-GB"},{"@type":["Person","Organization"],"@id":"https:\/\/kovacskati.com\/#\/schema\/person\/a45e7fb2da10185804ff1605d3b989c3","name":"Kov\u00e1cs Kati","image":{"@type":"ImageObject","inLanguage":"en-GB","@id":"https:\/\/kovacskati.com\/wp-content\/uploads\/2024\/02\/kovacskati-com-logo.png","url":"https:\/\/kovacskati.com\/wp-content\/uploads\/2024\/02\/kovacskati-com-logo.png","contentUrl":"https:\/\/kovacskati.com\/wp-content\/uploads\/2024\/02\/kovacskati-com-logo.png","width":500,"height":100,"caption":"Kov\u00e1cs Kati"},"logo":{"@id":"https:\/\/kovacskati.com\/wp-content\/uploads\/2024\/02\/kovacskati-com-logo.png"},"sameAs":["https:\/\/www.facebook.com\/profile.php?id=61556972811605","https:\/\/www.linkedin.com\/in\/katalin-kovcs-19b4b778\/"],"url":"https:\/\/kovacskati.com\/en\/author\/kati_kovacskati_com\/"}]}},"_links":{"self":[{"href":"https:\/\/kovacskati.com\/en\/wp-json\/wp\/v2\/posts\/2273","targetHints":{"allow":["GET"]}}],"collection":[{"href":"https:\/\/kovacskati.com\/en\/wp-json\/wp\/v2\/posts"}],"about":[{"href":"https:\/\/kovacskati.com\/en\/wp-json\/wp\/v2\/types\/post"}],"author":[{"embeddable":true,"href":"https:\/\/kovacskati.com\/en\/wp-json\/wp\/v2\/users\/2"}],"replies":[{"embeddable":true,"href":"https:\/\/kovacskati.com\/en\/wp-json\/wp\/v2\/comments?post=2273"}],"version-history":[{"count":0,"href":"https:\/\/kovacskati.com\/en\/wp-json\/wp\/v2\/posts\/2273\/revisions"}],"wp:featuredmedia":[{"embeddable":true,"href":"https:\/\/kovacskati.com\/en\/wp-json\/wp\/v2\/media\/2274"}],"wp:attachment":[{"href":"https:\/\/kovacskati.com\/en\/wp-json\/wp\/v2\/media?parent=2273"}],"wp:term":[{"taxonomy":"category","embeddable":true,"href":"https:\/\/kovacskati.com\/en\/wp-json\/wp\/v2\/categories?post=2273"},{"taxonomy":"post_tag","embeddable":true,"href":"https:\/\/kovacskati.com\/en\/wp-json\/wp\/v2\/tags?post=2273"}],"curies":[{"name":"wp","href":"https:\/\/api.w.org\/{rel}","templated":true}]}}