{"id":2289,"date":"2024-07-10T11:34:25","date_gmt":"2024-07-10T09:34:25","guid":{"rendered":"https:\/\/kovacskati.com\/?p=2289"},"modified":"2024-07-10T11:34:26","modified_gmt":"2024-07-10T09:34:26","slug":"sajat-kulonbejaratu-mini-pokol","status":"publish","type":"post","link":"https:\/\/kovacskati.com\/en\/sajat-kulonbejaratu-mini-pokol\/","title":{"rendered":"My Own Personal Mini Hell"},"content":{"rendered":"<p>A few months ago, I had two particularly tough days in a row, dealing with moderately difficult tasks and very difficult people.&nbsp;<\/p>\n\n\n\n<p>In one case, I was mediating the signing of a large contract. The subject matter wasn\u2019t too complex, as we had already agreed on almost all practical details in advance, and both parties wanted the contract. However, the negotiation was complicated by a mountain of anxiety and distrust on one side, which led to aggression that was difficult for the other party and me to handle. It was like a seesaw \u2013 we would reach a relative balance, making the contract signable. Then, a couple of comments would upset the balance, and we\u2019d have to find a new equilibrium. On one hand, I felt a positive tension as I thought and brainstormed about how to bring the positions closer, but I also had a knot in my stomach worrying whether it would work and if there was an ethical solution where both parties could feel at ease and a good cooperation could be established.<\/p>\n\n\n\n<p>The following day, I felt a deep sense of helplessness in another task. I was supposed to discuss a financial report in English, but I couldn\u2019t understand my conversation partner, who had language difficulties and no prior financial knowledge. This frustrated him to the point that we quickly shifted from an adult-adult conversation to a confrontational one.<\/p>\n\n\n\n<p>Both situations eventually resolved, and afterward, I analyzed every aspect of what I could do differently next time to keep things on track. However, I struggled with the bad feelings for quite some time.<\/p>\n\n\n\n<p>Two useful thoughts for this analyzes came from an unexpected source: Thomas Laird\u2019s The Story of Tibet. I\u2019d like to share them in case they might help someone else as well.<\/p>\n\n\n\n<p>The first is about \"eliminating involvement.\" During a conversation with the Dalai Lama, something unexpected happened, and everyone else was a bit scared and confused. However, he had reached a state through years of meditation where worldly things affected him less. This is brilliant in the sense that, in the long run, the outcomes of both days in my life were completely indifferent, yet they affected me emotionally more than they should have, pressing my buttons and making me carry bad feelings for days.<\/p>\n\n\n\n<p>Of course, I can't instantly incorporate forty years of meditation practice, but working on reducing these emotional triggers and involvement can make everyday life easier. Even being aware of my involvement, like an anchor, might help during work. If I feel I'm getting too involved, it could reduce the emotional burden and help set boundaries.<\/p>\n\n\n\n<p>This was reinforced by another dialogue a few pages later. Here\u2019s a quote from the book (my translation to English, not the original text): &nbsp;<\/p>\n\n\n\n<ul class=\"wp-block-list\">\n<li>What about the Christian who condemns all Buddhists to hell?<\/li>\n\n\n\n<li>I think, fortunately, Buddhists can\u2019t end up in that hell. At least not according to the Christian conception. There is also a Buddhist hell, where one stays as long as one wants, and can leave if one wishes. Even our hells are not the same. <strong>Van buddhista pokol is, ahol akkor marad valaki, ha akar, \u00e9s ki is ker\u00fclhet onnan, ha akar<\/strong>. M\u00e9g a poklaink sem egyform\u00e1k.<\/li>\n<\/ul>\n\n\n\n<p>This is the key. How much I take external stimuli personally, how badly I experience them, what I do with them, and how long I carry them with me as a leader all depends on me, or it\u2019s up to me, and I can handle it differently.<\/p>\n\n\n\n<p>The theory, once again, has come together. With each new realization, the level of awareness increases, and so does the chance to practice this skill. It\u2019s time to reflect on how I\u2019m doing today with creating my own hell...<\/p>","protected":false},"excerpt":{"rendered":"<p>N\u00e9h\u00e1ny h\u00f3napja volt k\u00e9t k\u00fcl\u00f6n\u00f6sen neh\u00e9z napom egym\u00e1s ut\u00e1n, k\u00f6zepesen neh\u00e9z feladatok nagyon neh\u00e9z emberekkel.&nbsp; Az egyik esetben egy nagy \u00f6sszeg\u0171 szerz\u0151d\u00e9s al\u00e1\u00edr\u00e1s\u00e1n\u00e1l b\u00e1b\u00e1skodtam, ahol maga a t\u00e9ma nem volt t\u00fal komplex, szinte minden gyakorlati r\u00e9szletet m\u00e1r el\u0151re leegyeztett\u00fcnk, \u00e9s mindk\u00e9t f\u00e9l akarta a szerz\u0151d\u00e9st, de a t\u00e1rgyal\u00e1st nehez\u00edtette az egyik oldalon egy hegynyi m\u00e9ret\u0171 [&hellip;]<\/p>\n","protected":false},"author":2,"featured_media":2291,"comment_status":"closed","ping_status":"closed","sticky":false,"template":"","format":"standard","meta":{"footnotes":""},"categories":[1],"tags":[25,15,12],"class_list":["post-2289","post","type-post","status-publish","format-standard","has-post-thumbnail","hentry","category-egyeb","tag-mentalhealth","tag-personinfocus","tag-shortstory"],"yoast_head":"<!-- This site is optimized with the Yoast SEO plugin v27.4 - https:\/\/yoast.com\/product\/yoast-seo-wordpress\/ -->\n<title>Saj\u00e1t, k\u00fcl\u00f6nbej\u00e1rat\u00fa, mini pokol - kovacskati.com<\/title>\n<meta name=\"robots\" content=\"index, follow, max-snippet:-1, max-image-preview:large, max-video-preview:-1\" \/>\n<link rel=\"canonical\" href=\"https:\/\/kovacskati.com\/en\/sajat-kulonbejaratu-mini-pokol\/\" \/>\n<meta property=\"og:locale\" content=\"en_GB\" \/>\n<meta property=\"og:type\" content=\"article\" \/>\n<meta property=\"og:title\" content=\"Saj\u00e1t, k\u00fcl\u00f6nbej\u00e1rat\u00fa, mini pokol - kovacskati.com\" \/>\n<meta property=\"og:description\" content=\"N\u00e9h\u00e1ny h\u00f3napja volt k\u00e9t k\u00fcl\u00f6n\u00f6sen neh\u00e9z napom egym\u00e1s ut\u00e1n, k\u00f6zepesen neh\u00e9z feladatok nagyon neh\u00e9z emberekkel.&nbsp; Az egyik esetben egy nagy \u00f6sszeg\u0171 szerz\u0151d\u00e9s al\u00e1\u00edr\u00e1s\u00e1n\u00e1l b\u00e1b\u00e1skodtam, ahol maga a t\u00e9ma nem volt t\u00fal komplex, szinte minden gyakorlati r\u00e9szletet m\u00e1r el\u0151re leegyeztett\u00fcnk, \u00e9s mindk\u00e9t f\u00e9l akarta a szerz\u0151d\u00e9st, de a t\u00e1rgyal\u00e1st nehez\u00edtette az egyik oldalon egy hegynyi m\u00e9ret\u0171 [&hellip;]\" \/>\n<meta property=\"og:url\" content=\"https:\/\/kovacskati.com\/en\/sajat-kulonbejaratu-mini-pokol\/\" \/>\n<meta property=\"og:site_name\" content=\"kovacskati.com\" \/>\n<meta property=\"article:publisher\" content=\"https:\/\/www.facebook.com\/profile.php?id=61556972811605\" \/>\n<meta property=\"article:author\" content=\"https:\/\/www.facebook.com\/profile.php?id=61556972811605\" \/>\n<meta property=\"article:published_time\" content=\"2024-07-10T09:34:25+00:00\" \/>\n<meta property=\"article:modified_time\" content=\"2024-07-10T09:34:26+00:00\" \/>\n<meta property=\"og:image\" content=\"https:\/\/kovacskati.com\/wp-content\/uploads\/2024\/07\/mlj5MllR.jpg\" \/>\n\t<meta property=\"og:image:width\" content=\"1000\" \/>\n\t<meta property=\"og:image:height\" content=\"750\" \/>\n\t<meta property=\"og:image:type\" content=\"image\/jpeg\" \/>\n<meta name=\"author\" content=\"Kov\u00e1cs Kati\" \/>\n<meta name=\"twitter:card\" content=\"summary_large_image\" \/>\n<meta name=\"twitter:label1\" content=\"Written by\" \/>\n\t<meta name=\"twitter:data1\" content=\"Kov\u00e1cs Kati\" \/>\n\t<meta name=\"twitter:label2\" content=\"Estimated reading time\" \/>\n\t<meta name=\"twitter:data2\" content=\"3 minutes\" \/>\n<script type=\"application\/ld+json\" class=\"yoast-schema-graph\">{\"@context\":\"https:\\\/\\\/schema.org\",\"@graph\":[{\"@type\":\"Article\",\"@id\":\"https:\\\/\\\/kovacskati.com\\\/sajat-kulonbejaratu-mini-pokol\\\/#article\",\"isPartOf\":{\"@id\":\"https:\\\/\\\/kovacskati.com\\\/sajat-kulonbejaratu-mini-pokol\\\/\"},\"author\":{\"name\":\"Kov\u00e1cs Kati\",\"@id\":\"https:\\\/\\\/kovacskati.com\\\/#\\\/schema\\\/person\\\/a45e7fb2da10185804ff1605d3b989c3\"},\"headline\":\"Saj\u00e1t, k\u00fcl\u00f6nbej\u00e1rat\u00fa, mini pokol\",\"datePublished\":\"2024-07-10T09:34:25+00:00\",\"dateModified\":\"2024-07-10T09:34:26+00:00\",\"mainEntityOfPage\":{\"@id\":\"https:\\\/\\\/kovacskati.com\\\/sajat-kulonbejaratu-mini-pokol\\\/\"},\"wordCount\":743,\"publisher\":{\"@id\":\"https:\\\/\\\/kovacskati.com\\\/#\\\/schema\\\/person\\\/a45e7fb2da10185804ff1605d3b989c3\"},\"image\":{\"@id\":\"https:\\\/\\\/kovacskati.com\\\/sajat-kulonbejaratu-mini-pokol\\\/#primaryimage\"},\"thumbnailUrl\":\"https:\\\/\\\/kovacskati.com\\\/wp-content\\\/uploads\\\/2024\\\/07\\\/mlj5MllR.jpg\",\"keywords\":[\"mentalhealth\",\"personinfocus\",\"shortstory\"],\"articleSection\":[\"Egy\u00e9b\"],\"inLanguage\":\"en-GB\"},{\"@type\":\"WebPage\",\"@id\":\"https:\\\/\\\/kovacskati.com\\\/sajat-kulonbejaratu-mini-pokol\\\/\",\"url\":\"https:\\\/\\\/kovacskati.com\\\/sajat-kulonbejaratu-mini-pokol\\\/\",\"name\":\"Saj\u00e1t, k\u00fcl\u00f6nbej\u00e1rat\u00fa, mini pokol - kovacskati.com\",\"isPartOf\":{\"@id\":\"https:\\\/\\\/kovacskati.com\\\/#website\"},\"primaryImageOfPage\":{\"@id\":\"https:\\\/\\\/kovacskati.com\\\/sajat-kulonbejaratu-mini-pokol\\\/#primaryimage\"},\"image\":{\"@id\":\"https:\\\/\\\/kovacskati.com\\\/sajat-kulonbejaratu-mini-pokol\\\/#primaryimage\"},\"thumbnailUrl\":\"https:\\\/\\\/kovacskati.com\\\/wp-content\\\/uploads\\\/2024\\\/07\\\/mlj5MllR.jpg\",\"datePublished\":\"2024-07-10T09:34:25+00:00\",\"dateModified\":\"2024-07-10T09:34:26+00:00\",\"breadcrumb\":{\"@id\":\"https:\\\/\\\/kovacskati.com\\\/sajat-kulonbejaratu-mini-pokol\\\/#breadcrumb\"},\"inLanguage\":\"en-GB\",\"potentialAction\":[{\"@type\":\"ReadAction\",\"target\":[\"https:\\\/\\\/kovacskati.com\\\/sajat-kulonbejaratu-mini-pokol\\\/\"]}]},{\"@type\":\"ImageObject\",\"inLanguage\":\"en-GB\",\"@id\":\"https:\\\/\\\/kovacskati.com\\\/sajat-kulonbejaratu-mini-pokol\\\/#primaryimage\",\"url\":\"https:\\\/\\\/kovacskati.com\\\/wp-content\\\/uploads\\\/2024\\\/07\\\/mlj5MllR.jpg\",\"contentUrl\":\"https:\\\/\\\/kovacskati.com\\\/wp-content\\\/uploads\\\/2024\\\/07\\\/mlj5MllR.jpg\",\"width\":1000,\"height\":750},{\"@type\":\"BreadcrumbList\",\"@id\":\"https:\\\/\\\/kovacskati.com\\\/sajat-kulonbejaratu-mini-pokol\\\/#breadcrumb\",\"itemListElement\":[{\"@type\":\"ListItem\",\"position\":1,\"name\":\"Kezd\u0151lap\",\"item\":\"https:\\\/\\\/kovacskati.com\\\/\"},{\"@type\":\"ListItem\",\"position\":2,\"name\":\"Saj\u00e1t, k\u00fcl\u00f6nbej\u00e1rat\u00fa, mini pokol\"}]},{\"@type\":\"WebSite\",\"@id\":\"https:\\\/\\\/kovacskati.com\\\/#website\",\"url\":\"https:\\\/\\\/kovacskati.com\\\/\",\"name\":\"kovacskati.com\",\"description\":\"Termel\u0151 szervezetek fejleszt\u0151je\",\"publisher\":{\"@id\":\"https:\\\/\\\/kovacskati.com\\\/#\\\/schema\\\/person\\\/a45e7fb2da10185804ff1605d3b989c3\"},\"potentialAction\":[{\"@type\":\"SearchAction\",\"target\":{\"@type\":\"EntryPoint\",\"urlTemplate\":\"https:\\\/\\\/kovacskati.com\\\/?s={search_term_string}\"},\"query-input\":{\"@type\":\"PropertyValueSpecification\",\"valueRequired\":true,\"valueName\":\"search_term_string\"}}],\"inLanguage\":\"en-GB\"},{\"@type\":[\"Person\",\"Organization\"],\"@id\":\"https:\\\/\\\/kovacskati.com\\\/#\\\/schema\\\/person\\\/a45e7fb2da10185804ff1605d3b989c3\",\"name\":\"Kov\u00e1cs Kati\",\"image\":{\"@type\":\"ImageObject\",\"inLanguage\":\"en-GB\",\"@id\":\"https:\\\/\\\/kovacskati.com\\\/wp-content\\\/uploads\\\/2024\\\/02\\\/kovacskati-com-logo.png\",\"url\":\"https:\\\/\\\/kovacskati.com\\\/wp-content\\\/uploads\\\/2024\\\/02\\\/kovacskati-com-logo.png\",\"contentUrl\":\"https:\\\/\\\/kovacskati.com\\\/wp-content\\\/uploads\\\/2024\\\/02\\\/kovacskati-com-logo.png\",\"width\":500,\"height\":100,\"caption\":\"Kov\u00e1cs Kati\"},\"logo\":{\"@id\":\"https:\\\/\\\/kovacskati.com\\\/wp-content\\\/uploads\\\/2024\\\/02\\\/kovacskati-com-logo.png\"},\"sameAs\":[\"https:\\\/\\\/www.facebook.com\\\/profile.php?id=61556972811605\",\"https:\\\/\\\/www.linkedin.com\\\/in\\\/katalin-kovcs-19b4b778\\\/\"],\"url\":\"https:\\\/\\\/kovacskati.com\\\/en\\\/author\\\/kati_kovacskati_com\\\/\"}]}<\/script>\n<!-- \/ Yoast SEO plugin. -->","yoast_head_json":{"title":"Saj\u00e1t, k\u00fcl\u00f6nbej\u00e1rat\u00fa, mini pokol - kovacskati.com","robots":{"index":"index","follow":"follow","max-snippet":"max-snippet:-1","max-image-preview":"max-image-preview:large","max-video-preview":"max-video-preview:-1"},"canonical":"https:\/\/kovacskati.com\/en\/sajat-kulonbejaratu-mini-pokol\/","og_locale":"en_GB","og_type":"article","og_title":"Saj\u00e1t, k\u00fcl\u00f6nbej\u00e1rat\u00fa, mini pokol - kovacskati.com","og_description":"N\u00e9h\u00e1ny h\u00f3napja volt k\u00e9t k\u00fcl\u00f6n\u00f6sen neh\u00e9z napom egym\u00e1s ut\u00e1n, k\u00f6zepesen neh\u00e9z feladatok nagyon neh\u00e9z emberekkel.&nbsp; Az egyik esetben egy nagy \u00f6sszeg\u0171 szerz\u0151d\u00e9s al\u00e1\u00edr\u00e1s\u00e1n\u00e1l b\u00e1b\u00e1skodtam, ahol maga a t\u00e9ma nem volt t\u00fal komplex, szinte minden gyakorlati r\u00e9szletet m\u00e1r el\u0151re leegyeztett\u00fcnk, \u00e9s mindk\u00e9t f\u00e9l akarta a szerz\u0151d\u00e9st, de a t\u00e1rgyal\u00e1st nehez\u00edtette az egyik oldalon egy hegynyi m\u00e9ret\u0171 [&hellip;]","og_url":"https:\/\/kovacskati.com\/en\/sajat-kulonbejaratu-mini-pokol\/","og_site_name":"kovacskati.com","article_publisher":"https:\/\/www.facebook.com\/profile.php?id=61556972811605","article_author":"https:\/\/www.facebook.com\/profile.php?id=61556972811605","article_published_time":"2024-07-10T09:34:25+00:00","article_modified_time":"2024-07-10T09:34:26+00:00","og_image":[{"width":1000,"height":750,"url":"https:\/\/kovacskati.com\/wp-content\/uploads\/2024\/07\/mlj5MllR.jpg","type":"image\/jpeg"}],"author":"Kov\u00e1cs Kati","twitter_card":"summary_large_image","twitter_misc":{"Written by":"Kov\u00e1cs Kati","Estimated reading time":"3 minutes"},"schema":{"@context":"https:\/\/schema.org","@graph":[{"@type":"Article","@id":"https:\/\/kovacskati.com\/sajat-kulonbejaratu-mini-pokol\/#article","isPartOf":{"@id":"https:\/\/kovacskati.com\/sajat-kulonbejaratu-mini-pokol\/"},"author":{"name":"Kov\u00e1cs Kati","@id":"https:\/\/kovacskati.com\/#\/schema\/person\/a45e7fb2da10185804ff1605d3b989c3"},"headline":"Saj\u00e1t, k\u00fcl\u00f6nbej\u00e1rat\u00fa, mini pokol","datePublished":"2024-07-10T09:34:25+00:00","dateModified":"2024-07-10T09:34:26+00:00","mainEntityOfPage":{"@id":"https:\/\/kovacskati.com\/sajat-kulonbejaratu-mini-pokol\/"},"wordCount":743,"publisher":{"@id":"https:\/\/kovacskati.com\/#\/schema\/person\/a45e7fb2da10185804ff1605d3b989c3"},"image":{"@id":"https:\/\/kovacskati.com\/sajat-kulonbejaratu-mini-pokol\/#primaryimage"},"thumbnailUrl":"https:\/\/kovacskati.com\/wp-content\/uploads\/2024\/07\/mlj5MllR.jpg","keywords":["mentalhealth","personinfocus","shortstory"],"articleSection":["Egy\u00e9b"],"inLanguage":"en-GB"},{"@type":"WebPage","@id":"https:\/\/kovacskati.com\/sajat-kulonbejaratu-mini-pokol\/","url":"https:\/\/kovacskati.com\/sajat-kulonbejaratu-mini-pokol\/","name":"Saj\u00e1t, k\u00fcl\u00f6nbej\u00e1rat\u00fa, mini pokol - kovacskati.com","isPartOf":{"@id":"https:\/\/kovacskati.com\/#website"},"primaryImageOfPage":{"@id":"https:\/\/kovacskati.com\/sajat-kulonbejaratu-mini-pokol\/#primaryimage"},"image":{"@id":"https:\/\/kovacskati.com\/sajat-kulonbejaratu-mini-pokol\/#primaryimage"},"thumbnailUrl":"https:\/\/kovacskati.com\/wp-content\/uploads\/2024\/07\/mlj5MllR.jpg","datePublished":"2024-07-10T09:34:25+00:00","dateModified":"2024-07-10T09:34:26+00:00","breadcrumb":{"@id":"https:\/\/kovacskati.com\/sajat-kulonbejaratu-mini-pokol\/#breadcrumb"},"inLanguage":"en-GB","potentialAction":[{"@type":"ReadAction","target":["https:\/\/kovacskati.com\/sajat-kulonbejaratu-mini-pokol\/"]}]},{"@type":"ImageObject","inLanguage":"en-GB","@id":"https:\/\/kovacskati.com\/sajat-kulonbejaratu-mini-pokol\/#primaryimage","url":"https:\/\/kovacskati.com\/wp-content\/uploads\/2024\/07\/mlj5MllR.jpg","contentUrl":"https:\/\/kovacskati.com\/wp-content\/uploads\/2024\/07\/mlj5MllR.jpg","width":1000,"height":750},{"@type":"BreadcrumbList","@id":"https:\/\/kovacskati.com\/sajat-kulonbejaratu-mini-pokol\/#breadcrumb","itemListElement":[{"@type":"ListItem","position":1,"name":"Kezd\u0151lap","item":"https:\/\/kovacskati.com\/"},{"@type":"ListItem","position":2,"name":"Saj\u00e1t, k\u00fcl\u00f6nbej\u00e1rat\u00fa, mini pokol"}]},{"@type":"WebSite","@id":"https:\/\/kovacskati.com\/#website","url":"https:\/\/kovacskati.com\/","name":"kovacskati.com","description":"Termel\u0151 szervezetek fejleszt\u0151je","publisher":{"@id":"https:\/\/kovacskati.com\/#\/schema\/person\/a45e7fb2da10185804ff1605d3b989c3"},"potentialAction":[{"@type":"SearchAction","target":{"@type":"EntryPoint","urlTemplate":"https:\/\/kovacskati.com\/?s={search_term_string}"},"query-input":{"@type":"PropertyValueSpecification","valueRequired":true,"valueName":"search_term_string"}}],"inLanguage":"en-GB"},{"@type":["Person","Organization"],"@id":"https:\/\/kovacskati.com\/#\/schema\/person\/a45e7fb2da10185804ff1605d3b989c3","name":"Kov\u00e1cs Kati","image":{"@type":"ImageObject","inLanguage":"en-GB","@id":"https:\/\/kovacskati.com\/wp-content\/uploads\/2024\/02\/kovacskati-com-logo.png","url":"https:\/\/kovacskati.com\/wp-content\/uploads\/2024\/02\/kovacskati-com-logo.png","contentUrl":"https:\/\/kovacskati.com\/wp-content\/uploads\/2024\/02\/kovacskati-com-logo.png","width":500,"height":100,"caption":"Kov\u00e1cs Kati"},"logo":{"@id":"https:\/\/kovacskati.com\/wp-content\/uploads\/2024\/02\/kovacskati-com-logo.png"},"sameAs":["https:\/\/www.facebook.com\/profile.php?id=61556972811605","https:\/\/www.linkedin.com\/in\/katalin-kovcs-19b4b778\/"],"url":"https:\/\/kovacskati.com\/en\/author\/kati_kovacskati_com\/"}]}},"_links":{"self":[{"href":"https:\/\/kovacskati.com\/en\/wp-json\/wp\/v2\/posts\/2289","targetHints":{"allow":["GET"]}}],"collection":[{"href":"https:\/\/kovacskati.com\/en\/wp-json\/wp\/v2\/posts"}],"about":[{"href":"https:\/\/kovacskati.com\/en\/wp-json\/wp\/v2\/types\/post"}],"author":[{"embeddable":true,"href":"https:\/\/kovacskati.com\/en\/wp-json\/wp\/v2\/users\/2"}],"replies":[{"embeddable":true,"href":"https:\/\/kovacskati.com\/en\/wp-json\/wp\/v2\/comments?post=2289"}],"version-history":[{"count":0,"href":"https:\/\/kovacskati.com\/en\/wp-json\/wp\/v2\/posts\/2289\/revisions"}],"wp:featuredmedia":[{"embeddable":true,"href":"https:\/\/kovacskati.com\/en\/wp-json\/wp\/v2\/media\/2291"}],"wp:attachment":[{"href":"https:\/\/kovacskati.com\/en\/wp-json\/wp\/v2\/media?parent=2289"}],"wp:term":[{"taxonomy":"category","embeddable":true,"href":"https:\/\/kovacskati.com\/en\/wp-json\/wp\/v2\/categories?post=2289"},{"taxonomy":"post_tag","embeddable":true,"href":"https:\/\/kovacskati.com\/en\/wp-json\/wp\/v2\/tags?post=2289"}],"curies":[{"name":"wp","href":"https:\/\/api.w.org\/{rel}","templated":true}]}}